{"id":8527,"date":"2025-11-10T16:19:44","date_gmt":"2025-11-10T16:19:44","guid":{"rendered":"https:\/\/sanaa.hn\/?p=8527"},"modified":"2025-11-10T16:19:48","modified_gmt":"2025-11-10T16:19:48","slug":"personal-tecnico-del-sanaa-capacita-a-junta-de-agua-de-saladito-en-el-municipio-de-san-francisco-en-el-litoral-atlantico","status":"publish","type":"post","link":"https:\/\/sanaa.hn\/index.php\/personal-tecnico-del-sanaa-capacita-a-junta-de-agua-de-saladito-en-el-municipio-de-san-francisco-en-el-litoral-atlantico\/","title":{"rendered":"PERSONAL T\u00c9CNICO DEL SANAA CAPACITA A JUNTA DE AGUA DE SALADITO, EN EL MUNICIPIO DE SAN FRANCISCO EN EL LITORAL ATLANTICO"},"content":{"rendered":"\n<figure class=\"wp-block-image size-full\"><img fetchpriority=\"high\" decoding=\"async\" width=\"567\" height=\"255\" src=\"https:\/\/sanaa.hn\/wp-content\/uploads\/2025\/11\/Imagen3.jpg\" alt=\"\" class=\"wp-image-8528\" srcset=\"https:\/\/sanaa.hn\/wp-content\/uploads\/2025\/11\/Imagen3.jpg 567w, https:\/\/sanaa.hn\/wp-content\/uploads\/2025\/11\/Imagen3-300x135.jpg 300w\" sizes=\"(max-width: 567px) 100vw, 567px\" \/><\/figure>\n\n\n\n<p>Personal t\u00e9cnico de la Regional de La Ceiba, departamento de Atl\u00e1ntida, brind\u00f3 una capacitaci\u00f3n a la junta de agua de Saladito, municipio de San Fransisco sobre reglamento de juntas de agua y tambi\u00e9n se realiz\u00f3 la entrega de material did\u00e1ctico en esta oportunidad.<\/p>\n\n\n\n<p>La comunidad beneficiada corresponde al municipio de San Francisco y cuenta con 90 viviendas .<\/p>\n\n\n\n<p>Es as\u00ed como se reafirma y se contin\u00faa dando respuesta a la poblaci\u00f3n en temas de agua y saneamiento.<\/p>\n","protected":false},"excerpt":{"rendered":"<p>Personal t\u00e9cnico de la Regional de La Ceiba, departamento de Atl\u00e1ntida, brind\u00f3 una capacitaci\u00f3n a la junta de agua de Saladito, municipio de San Fransisco sobre reglamento de juntas de agua y tambi\u00e9n se realiz\u00f3 la entrega de material did\u00e1ctico en esta oportunidad. La comunidad beneficiada corresponde al municipio de San Francisco y cuenta con [&hellip;]<\/p>\n","protected":false},"author":1,"featured_media":0,"comment_status":"open","ping_status":"open","sticky":false,"template":"","format":"standard","meta":{"_eb_attr":"","footnotes":""},"categories":[1],"tags":[],"class_list":["post-8527","post","type-post","status-publish","format-standard","hentry","category-memoria"],"_links":{"self":[{"href":"https:\/\/sanaa.hn\/index.php\/wp-json\/wp\/v2\/posts\/8527","targetHints":{"allow":["GET"]}}],"collection":[{"href":"https:\/\/sanaa.hn\/index.php\/wp-json\/wp\/v2\/posts"}],"about":[{"href":"https:\/\/sanaa.hn\/index.php\/wp-json\/wp\/v2\/types\/post"}],"author":[{"embeddable":true,"href":"https:\/\/sanaa.hn\/index.php\/wp-json\/wp\/v2\/users\/1"}],"replies":[{"embeddable":true,"href":"https:\/\/sanaa.hn\/index.php\/wp-json\/wp\/v2\/comments?post=8527"}],"version-history":[{"count":1,"href":"https:\/\/sanaa.hn\/index.php\/wp-json\/wp\/v2\/posts\/8527\/revisions"}],"predecessor-version":[{"id":8529,"href":"https:\/\/sanaa.hn\/index.php\/wp-json\/wp\/v2\/posts\/8527\/revisions\/8529"}],"wp:attachment":[{"href":"https:\/\/sanaa.hn\/index.php\/wp-json\/wp\/v2\/media?parent=8527"}],"wp:term":[{"taxonomy":"category","embeddable":true,"href":"https:\/\/sanaa.hn\/index.php\/wp-json\/wp\/v2\/categories?post=8527"},{"taxonomy":"post_tag","embeddable":true,"href":"https:\/\/sanaa.hn\/index.php\/wp-json\/wp\/v2\/tags?post=8527"}],"curies":[{"name":"wp","href":"https:\/\/api.w.org\/{rel}","templated":true}]}}