{"id":8496,"date":"2025-11-06T21:24:09","date_gmt":"2025-11-06T21:24:09","guid":{"rendered":"https:\/\/sanaa.hn\/?p=8496"},"modified":"2025-11-06T21:24:13","modified_gmt":"2025-11-06T21:24:13","slug":"sanaa-participa-en-socializacion-de-proyecto-de-mejoramiento-del-sistema-de-agua-potable-en-la-comunidad-de-san-jose-de-la-punta-iriona-colon","status":"publish","type":"post","link":"https:\/\/sanaa.hn\/index.php\/sanaa-participa-en-socializacion-de-proyecto-de-mejoramiento-del-sistema-de-agua-potable-en-la-comunidad-de-san-jose-de-la-punta-iriona-colon\/","title":{"rendered":"SANAA PARTICIPA EN SOCIALIZACI\u00d3N DE\u00a0 \u00a0PROYECTO DE MEJORAMIENTO DEL SISTEMA DE AGUA POTABLE EN LA COMUNIDAD DE SAN JOSE DE LA PUNTA, IRIONA, COLON."},"content":{"rendered":"\n<figure class=\"wp-block-image size-full\"><img fetchpriority=\"high\" decoding=\"async\" width=\"567\" height=\"425\" src=\"https:\/\/sanaa.hn\/wp-content\/uploads\/2025\/11\/3.jpg\" alt=\"\" class=\"wp-image-8497\" srcset=\"https:\/\/sanaa.hn\/wp-content\/uploads\/2025\/11\/3.jpg 567w, https:\/\/sanaa.hn\/wp-content\/uploads\/2025\/11\/3-300x225.jpg 300w\" sizes=\"(max-width: 567px) 100vw, 567px\" \/><\/figure>\n\n\n\n<p>El SANAA en coordinaci\u00f3n con el Programa de Agua y Saneamiento de Honduras (PASH), la Secretar\u00eda de Desarrollo Comunitario Agua y Saneamiento (SEDECOAS) y el Fondo Hondure\u00f1o de Inversi\u00f3n Social (FHIS), particip\u00f3 en la socializaci\u00f3n del proyecto de mejoramiento y construcci\u00f3n del sistema de agua potable en la comunidad gar\u00edfuna de San Jos\u00e9 de La Punta, municipio de Iriona, Col\u00f3n.<\/p>\n\n\n\n<p>Durante la jornada se presentaron los objetivos, componentes y beneficios del proyecto, que busca garantizar el acceso al agua segura para las familias del sector, fortaleciendo la gesti\u00f3n comunitaria y la sostenibilidad del servicio.<\/p>\n\n\n\n<p>El SANAA, a trav\u00e9s de su regional de Olanchito, brindar\u00e1 asistencia t\u00e9cnica y capacitaci\u00f3n organizativa a los pobladores, orientada al manejo, operaci\u00f3n y mantenimiento eficiente del nuevo sistema de agua potable.<\/p>\n\n\n\n<p>Esta importante iniciativa reafirma el compromiso del Gobierno de la Rep\u00fablica y de las instituciones ejecutoras con el mejoramiento de la calidad de vida de las comunidades rurales e ind\u00edgenas de Honduras, promoviendo el desarrollo inclusivo y la equidad social.<\/p>\n\n\n\n<p><\/p>\n","protected":false},"excerpt":{"rendered":"<p>El SANAA en coordinaci\u00f3n con el Programa de Agua y Saneamiento de Honduras (PASH), la Secretar\u00eda de Desarrollo Comunitario Agua y Saneamiento (SEDECOAS) y el Fondo Hondure\u00f1o de Inversi\u00f3n Social (FHIS), particip\u00f3 en la socializaci\u00f3n del proyecto de mejoramiento y construcci\u00f3n del sistema de agua potable en la comunidad gar\u00edfuna de San Jos\u00e9 de La [&hellip;]<\/p>\n","protected":false},"author":1,"featured_media":0,"comment_status":"open","ping_status":"open","sticky":false,"template":"","format":"standard","meta":{"_eb_attr":"","footnotes":""},"categories":[1],"tags":[],"class_list":["post-8496","post","type-post","status-publish","format-standard","hentry","category-memoria"],"_links":{"self":[{"href":"https:\/\/sanaa.hn\/index.php\/wp-json\/wp\/v2\/posts\/8496","targetHints":{"allow":["GET"]}}],"collection":[{"href":"https:\/\/sanaa.hn\/index.php\/wp-json\/wp\/v2\/posts"}],"about":[{"href":"https:\/\/sanaa.hn\/index.php\/wp-json\/wp\/v2\/types\/post"}],"author":[{"embeddable":true,"href":"https:\/\/sanaa.hn\/index.php\/wp-json\/wp\/v2\/users\/1"}],"replies":[{"embeddable":true,"href":"https:\/\/sanaa.hn\/index.php\/wp-json\/wp\/v2\/comments?post=8496"}],"version-history":[{"count":1,"href":"https:\/\/sanaa.hn\/index.php\/wp-json\/wp\/v2\/posts\/8496\/revisions"}],"predecessor-version":[{"id":8498,"href":"https:\/\/sanaa.hn\/index.php\/wp-json\/wp\/v2\/posts\/8496\/revisions\/8498"}],"wp:attachment":[{"href":"https:\/\/sanaa.hn\/index.php\/wp-json\/wp\/v2\/media?parent=8496"}],"wp:term":[{"taxonomy":"category","embeddable":true,"href":"https:\/\/sanaa.hn\/index.php\/wp-json\/wp\/v2\/categories?post=8496"},{"taxonomy":"post_tag","embeddable":true,"href":"https:\/\/sanaa.hn\/index.php\/wp-json\/wp\/v2\/tags?post=8496"}],"curies":[{"name":"wp","href":"https:\/\/api.w.org\/{rel}","templated":true}]}}