{"id":8490,"date":"2025-11-06T21:17:43","date_gmt":"2025-11-06T21:17:43","guid":{"rendered":"https:\/\/sanaa.hn\/?p=8490"},"modified":"2025-11-06T21:17:46","modified_gmt":"2025-11-06T21:17:46","slug":"sanaa-sedecoas-y-fhis-impulsan-la-cooperacion-para-mejorar-los-sistemas-de-agua-en-iriona-colon","status":"publish","type":"post","link":"https:\/\/sanaa.hn\/index.php\/sanaa-sedecoas-y-fhis-impulsan-la-cooperacion-para-mejorar-los-sistemas-de-agua-en-iriona-colon\/","title":{"rendered":"SANAA, SEDECOAS Y FHIS IMPULSAN LA COOPERACI\u00d3N PARA MEJORAR LOS SISTEMAS DE AGUA EN IRIONA, COLON"},"content":{"rendered":"\n<figure class=\"wp-block-image size-full\"><img fetchpriority=\"high\" decoding=\"async\" width=\"567\" height=\"425\" src=\"https:\/\/sanaa.hn\/wp-content\/uploads\/2025\/11\/1.jpg\" alt=\"\" class=\"wp-image-8491\" srcset=\"https:\/\/sanaa.hn\/wp-content\/uploads\/2025\/11\/1.jpg 567w, https:\/\/sanaa.hn\/wp-content\/uploads\/2025\/11\/1-300x225.jpg 300w\" sizes=\"(max-width: 567px) 100vw, 567px\" \/><\/figure>\n\n\n\n<p>El SANAA por medio de su regional de Olanchito, particip\u00f3 en una jornada de acompa\u00f1amiento t\u00e9cnico y organizativo desarrollada con comunidades del municipio de Iriona, Col\u00f3n, como parte del Programa de Agua Potable y Saneamiento en Honduras (PAPSH).<\/p>\n\n\n\n<p>La actividad se realiz\u00f3 en el marco del Convenio PAPSH-SEDECOAS\/FHIS-SANAA, y busca fortalecer las capacidades locales para la administraci\u00f3n, operaci\u00f3n y mantenimiento de los sistemas de agua potable y saneamiento.<\/p>\n\n\n\n<p>Durante la gira, el personal t\u00e9cnico del SANAA, junto a representantes del PAPSH y la empresa supervisora y contratista, visit\u00f3 las comunidades de Cocalito, Sangrelaya, Iriona Puerto, Los Mangos y San Jos\u00e9 de La Punta, donde se efectuaron asambleas comunitarias y socializaci\u00f3n del alcance final de las obras del proyecto.<\/p>\n\n\n\n<p>El acompa\u00f1amiento del SANAA permiti\u00f3 tambi\u00e9n presentar a los actores locales, los alcances del convenio y la proyecci\u00f3n del trabajo conjunto entre el PAPSH, SEDECOAS\/FHIS y la instituci\u00f3n rectora del sector agua.<\/p>\n\n\n\n<p><\/p>\n","protected":false},"excerpt":{"rendered":"<p>El SANAA por medio de su regional de Olanchito, particip\u00f3 en una jornada de acompa\u00f1amiento t\u00e9cnico y organizativo desarrollada con comunidades del municipio de Iriona, Col\u00f3n, como parte del Programa de Agua Potable y Saneamiento en Honduras (PAPSH). La actividad se realiz\u00f3 en el marco del Convenio PAPSH-SEDECOAS\/FHIS-SANAA, y busca fortalecer las capacidades locales para [&hellip;]<\/p>\n","protected":false},"author":1,"featured_media":0,"comment_status":"open","ping_status":"open","sticky":false,"template":"","format":"standard","meta":{"_eb_attr":"","footnotes":""},"categories":[1],"tags":[],"class_list":["post-8490","post","type-post","status-publish","format-standard","hentry","category-memoria"],"_links":{"self":[{"href":"https:\/\/sanaa.hn\/index.php\/wp-json\/wp\/v2\/posts\/8490","targetHints":{"allow":["GET"]}}],"collection":[{"href":"https:\/\/sanaa.hn\/index.php\/wp-json\/wp\/v2\/posts"}],"about":[{"href":"https:\/\/sanaa.hn\/index.php\/wp-json\/wp\/v2\/types\/post"}],"author":[{"embeddable":true,"href":"https:\/\/sanaa.hn\/index.php\/wp-json\/wp\/v2\/users\/1"}],"replies":[{"embeddable":true,"href":"https:\/\/sanaa.hn\/index.php\/wp-json\/wp\/v2\/comments?post=8490"}],"version-history":[{"count":1,"href":"https:\/\/sanaa.hn\/index.php\/wp-json\/wp\/v2\/posts\/8490\/revisions"}],"predecessor-version":[{"id":8492,"href":"https:\/\/sanaa.hn\/index.php\/wp-json\/wp\/v2\/posts\/8490\/revisions\/8492"}],"wp:attachment":[{"href":"https:\/\/sanaa.hn\/index.php\/wp-json\/wp\/v2\/media?parent=8490"}],"wp:term":[{"taxonomy":"category","embeddable":true,"href":"https:\/\/sanaa.hn\/index.php\/wp-json\/wp\/v2\/categories?post=8490"},{"taxonomy":"post_tag","embeddable":true,"href":"https:\/\/sanaa.hn\/index.php\/wp-json\/wp\/v2\/tags?post=8490"}],"curies":[{"name":"wp","href":"https:\/\/api.w.org\/{rel}","templated":true}]}}