{"id":8303,"date":"2025-10-13T19:48:07","date_gmt":"2025-10-13T19:48:07","guid":{"rendered":"https:\/\/sanaa.hn\/?p=8303"},"modified":"2025-10-13T19:48:11","modified_gmt":"2025-10-13T19:48:11","slug":"taller-regional-de-socializacion-de-politica-nacional-de-gestion-integral-de-los-recursos-hidricos-en-honduras-zona-sur","status":"publish","type":"post","link":"https:\/\/sanaa.hn\/index.php\/taller-regional-de-socializacion-de-politica-nacional-de-gestion-integral-de-los-recursos-hidricos-en-honduras-zona-sur\/","title":{"rendered":"TALLER REGIONAL DE SOCIALIZACI\u00d3N DE POL\u00cdTICA NACIONAL DE GESTI\u00d3N INTEGRAL DE LOS RECURSOS H\u00cdDRICOS EN HONDURAS\/ZONA SUR."},"content":{"rendered":"\n<figure class=\"wp-block-image size-large\"><img fetchpriority=\"high\" decoding=\"async\" width=\"1024\" height=\"576\" src=\"https:\/\/sanaa.hn\/wp-content\/uploads\/2025\/10\/17-1024x576.jpg\" alt=\"\" class=\"wp-image-8304\" srcset=\"https:\/\/sanaa.hn\/wp-content\/uploads\/2025\/10\/17-1024x576.jpg 1024w, https:\/\/sanaa.hn\/wp-content\/uploads\/2025\/10\/17-300x169.jpg 300w, https:\/\/sanaa.hn\/wp-content\/uploads\/2025\/10\/17-768x432.jpg 768w, https:\/\/sanaa.hn\/wp-content\/uploads\/2025\/10\/17.jpg 1280w\" sizes=\"(max-width: 1024px) 100vw, 1024px\" \/><\/figure>\n\n\n\n<p>SUBGERENCIA DE DESARROLLO APS<\/p>\n\n\n\n<p>Regional Sur<\/p>\n\n\n\n<p><a href=\"https:\/\/www.facebook.com\/hashtag\/sanaahonduras?__cft__%5b0%5d=AZVqjWviHAipBYHSuPrpo4HgxrvhvV5ULWgSghm9FaHCNayWM_EPVMpGlxUE0pP-MZEmJSZbiSnB60HRA-tKWCcgOKoKntzv37NzJrVrBnbGvxhbA1qyzAJA_2cI4HvEnzgCuQNuNRTcSDXv2XRt0Fg41WXQP6WLPqP4t96VpZCFww&amp;__tn__=*NK-R\"><strong>#SANAAHonduras<\/strong><\/a> | <img decoding=\"async\" width=\"16\" height=\"16\" src=\"blob:https:\/\/sanaa.hn\/b67b4f14-9621-499f-a156-9e1bb21d8b56\" alt=\"\ud83d\udca7\">Personal T\u00e9cnico de la Regional Sur, Choluteca particip\u00f3 en Taller Regional de socializaci\u00f3n de Pol\u00edtica Nacional de Gesti\u00f3n Integral de los Recursos H\u00eddricos en Honduras\/Zona Sur.<\/p>\n\n\n\n<p>En esta actividad asistieron instituciones y Ong, como ser:<\/p>\n\n\n\n<p>SERNA, SANAA, CODEFAGOL, ADEPES, AMIGOS DE LA TIERRA, SAG, CDH, Representantes de Gobernanza H\u00eddrica, UNAH.<\/p>\n\n\n\n<p>As\u00ed avanza la refundaci\u00f3n en esta Regional Sur por instrucciones de nuestra presidenta Xiomara Castro, bajo la Gerencia General que dirige el Abogado Ricardo Pancham\u00e9.<\/p>\n","protected":false},"excerpt":{"rendered":"<p>SUBGERENCIA DE DESARROLLO APS Regional Sur #SANAAHonduras | Personal T\u00e9cnico de la Regional Sur, Choluteca particip\u00f3 en Taller Regional de socializaci\u00f3n de Pol\u00edtica Nacional de Gesti\u00f3n Integral de los Recursos H\u00eddricos en Honduras\/Zona Sur. En esta actividad asistieron instituciones y Ong, como ser: SERNA, SANAA, CODEFAGOL, ADEPES, AMIGOS DE LA TIERRA, SAG, CDH, Representantes de [&hellip;]<\/p>\n","protected":false},"author":1,"featured_media":0,"comment_status":"open","ping_status":"open","sticky":false,"template":"","format":"standard","meta":{"_eb_attr":"","footnotes":""},"categories":[1],"tags":[],"class_list":["post-8303","post","type-post","status-publish","format-standard","hentry","category-memoria"],"_links":{"self":[{"href":"https:\/\/sanaa.hn\/index.php\/wp-json\/wp\/v2\/posts\/8303","targetHints":{"allow":["GET"]}}],"collection":[{"href":"https:\/\/sanaa.hn\/index.php\/wp-json\/wp\/v2\/posts"}],"about":[{"href":"https:\/\/sanaa.hn\/index.php\/wp-json\/wp\/v2\/types\/post"}],"author":[{"embeddable":true,"href":"https:\/\/sanaa.hn\/index.php\/wp-json\/wp\/v2\/users\/1"}],"replies":[{"embeddable":true,"href":"https:\/\/sanaa.hn\/index.php\/wp-json\/wp\/v2\/comments?post=8303"}],"version-history":[{"count":1,"href":"https:\/\/sanaa.hn\/index.php\/wp-json\/wp\/v2\/posts\/8303\/revisions"}],"predecessor-version":[{"id":8305,"href":"https:\/\/sanaa.hn\/index.php\/wp-json\/wp\/v2\/posts\/8303\/revisions\/8305"}],"wp:attachment":[{"href":"https:\/\/sanaa.hn\/index.php\/wp-json\/wp\/v2\/media?parent=8303"}],"wp:term":[{"taxonomy":"category","embeddable":true,"href":"https:\/\/sanaa.hn\/index.php\/wp-json\/wp\/v2\/categories?post=8303"},{"taxonomy":"post_tag","embeddable":true,"href":"https:\/\/sanaa.hn\/index.php\/wp-json\/wp\/v2\/tags?post=8303"}],"curies":[{"name":"wp","href":"https:\/\/api.w.org\/{rel}","templated":true}]}}