{"id":7751,"date":"2025-06-26T17:06:55","date_gmt":"2025-06-26T17:06:55","guid":{"rendered":"https:\/\/sanaa.hn\/?p=7751"},"modified":"2025-06-26T17:06:59","modified_gmt":"2025-06-26T17:06:59","slug":"foro-centro-americano-y-republica-dpminicana-de-agua-potable-y-saneamiento-focard-aps","status":"publish","type":"post","link":"https:\/\/sanaa.hn\/index.php\/foro-centro-americano-y-republica-dpminicana-de-agua-potable-y-saneamiento-focard-aps\/","title":{"rendered":"FORO CENTRO AMERICANO Y REPUBLICA DPMINICANA DE AGUA POTABLE Y SANEAMIENTO (FOCARD-APS)"},"content":{"rendered":"\n<figure class=\"wp-block-image size-full\"><img fetchpriority=\"high\" decoding=\"async\" width=\"1600\" height=\"738\" src=\"https:\/\/sanaa.hn\/wp-content\/uploads\/2025\/06\/APS.jpg\" alt=\"\" class=\"wp-image-7752\"\/><\/figure>\n\n\n\n<p>El Foro Centroamericano y Rep\u00fablica Dominicana de Agua Potable y Saneamiento (FOCARD-APS), est\u00e1 desarrollando a partir de hoy la actividad &#8220;\ud835\udc13\ud835\udc1a\ud835\udc25\ud835\udc25\ud835\udc1e\ud835\udc2b \ud835\udc1d\ud835\udc1e \ud835\udc2f\ud835\udc1a\ud835\udc25\ud835\udc22\ud835\udc1d\ud835\udc1a\ud835\udc1c\ud835\udc22\ud835\udc28\u0301\ud835\udc27 \ud835\udc1d\ud835\udc1e \ud835\udc25\ud835\udc1a \ud835\udc06\ud835\udc2e\ud835\udc22\u0301\ud835\udc1a \ud835\udc0c\ud835\udc1e\ud835\udc2d\ud835\udc28\ud835\udc1d\ud835\udc28\ud835\udc25\ud835\udc28\u0301\ud835\udc20\ud835\udc22\ud835\udc1c\ud835\udc1a \ud835\udc29\ud835\udc1a\ud835\udc2b\ud835\udc1a \ud835\udc15\ud835\udc1a\ud835\udc25\ud835\udc28\ud835\udc2b\ud835\udc1a\ud835\udc1c\ud835\udc22\ud835\udc28\u0301\ud835\udc27 \ud835\udc1d\ud835\udc1e \ud835\udc11\ud835\udc22\ud835\udc1e\ud835\udc2c\ud835\udc20\ud835\udc28\ud835\udc2c \ud835\udc1e\ud835\udc27 \ud835\udc12\ud835\udc22\ud835\udc2c\ud835\udc2d\ud835\udc1e\ud835\udc26\ud835\udc1a\ud835\udc2c \ud835\udc1d\ud835\udc1e \ud835\udc00\ud835\udc20\ud835\udc2e\ud835\udc1a \ud835\udc0f\ud835\udc28\ud835\udc2d\ud835\udc1a\ud835\udc1b\ud835\udc25\ud835\udc1e \ud835\udc32 \ud835\udc12\ud835\udc1a\ud835\udc27\ud835\udc1e\ud835\udc1a\ud835\udc26\ud835\udc22\ud835\udc1e\ud835\udc27\ud835\udc2d\ud835\udc28&#8221;, del 25 al 27 de Junio en la ciudad de Guatemala, Guatemala.<\/p>\n\n\n\n<p>El objetivo es validar la gu\u00eda metodol\u00f3gica para la valoraci\u00f3n de riesgos de los sistemas de agua y saneamiento, y los t\u00e9rminos de referencia para la contrataci\u00f3n de la aplicaci\u00f3n inform\u00e1tica, que es el producto principal del Objetivo 2, del proyecto \ud835\udc0f\ud835\udc2b\ud835\udc28\ud835\udc26\ud835\udc28\ud835\udc2f\ud835\udc22\ud835\udc1e\ud835\udc27\ud835\udc1d\ud835\udc28 \ud835\udc25\ud835\udc1a \ud835\udc06\ud835\udc1e\ud835\udc2c\ud835\udc2d\ud835\udc22\ud835\udc28\u0301\ud835\udc27 \ud835\udc1d\ud835\udc1e \ud835\udc11\ud835\udc22\ud835\udc1e\ud835\udc2c\ud835\udc20\ud835\udc28 \ud835\udc02\ud835\udc25\ud835\udc22\ud835\udc26\ud835\udc1a\u0301\ud835\udc2d\ud835\udc22\ud835\udc1c\ud835\udc28 \ud835\udc32 \ud835\udc25\ud835\udc1a \ud835\udc11\ud835\udc1e\ud835\udc1d\ud835\udc2e\ud835\udc1c\ud835\udc1c\ud835\udc22\ud835\udc28\u0301\ud835\udc27 \ud835\udc1d\ud835\udc1e \ud835\udc04\ud835\udc26\ud835\udc22\ud835\udc2c\ud835\udc22\ud835\udc28\ud835\udc27\ud835\udc1e\ud835\udc2c \ud835\udc1d\ud835\udc1e \ud835\udc02\ud835\udc1a\ud835\udc2b\ud835\udc1b\ud835\udc28\ud835\udc27\ud835\udc28 \ud835\udc1e\ud835\udc27 \ud835\udc25\ud835\udc1a \ud835\udc2b\ud835\udc1e\ud835\udc20\ud835\udc22\ud835\udc28\u0301\ud835\udc27 \ud835\udc12\ud835\udc08\ud835\udc02\ud835\udc00&#8221;.<\/p>\n\n\n\n<p>Por parte del SANAA participan los Ingenieros Boanerges Escobar, Reyna Antunez y el ingeniero Kevin Cruz, quienes forman parte de las Regionales Choluteca, La Ceiba y Olancho, todas pertenecientes a la Subgerencia Desarrollo AS.<\/p>\n","protected":false},"excerpt":{"rendered":"<p>El Foro Centroamericano y Rep\u00fablica Dominicana de Agua Potable y Saneamiento (FOCARD-APS), est\u00e1 desarrollando a partir de hoy la actividad &#8220;\ud835\udc13\ud835\udc1a\ud835\udc25\ud835\udc25\ud835\udc1e\ud835\udc2b \ud835\udc1d\ud835\udc1e \ud835\udc2f\ud835\udc1a\ud835\udc25\ud835\udc22\ud835\udc1d\ud835\udc1a\ud835\udc1c\ud835\udc22\ud835\udc28\u0301\ud835\udc27 \ud835\udc1d\ud835\udc1e \ud835\udc25\ud835\udc1a \ud835\udc06\ud835\udc2e\ud835\udc22\u0301\ud835\udc1a \ud835\udc0c\ud835\udc1e\ud835\udc2d\ud835\udc28\ud835\udc1d\ud835\udc28\ud835\udc25\ud835\udc28\u0301\ud835\udc20\ud835\udc22\ud835\udc1c\ud835\udc1a \ud835\udc29\ud835\udc1a\ud835\udc2b\ud835\udc1a \ud835\udc15\ud835\udc1a\ud835\udc25\ud835\udc28\ud835\udc2b\ud835\udc1a\ud835\udc1c\ud835\udc22\ud835\udc28\u0301\ud835\udc27 \ud835\udc1d\ud835\udc1e \ud835\udc11\ud835\udc22\ud835\udc1e\ud835\udc2c\ud835\udc20\ud835\udc28\ud835\udc2c \ud835\udc1e\ud835\udc27 \ud835\udc12\ud835\udc22\ud835\udc2c\ud835\udc2d\ud835\udc1e\ud835\udc26\ud835\udc1a\ud835\udc2c \ud835\udc1d\ud835\udc1e \ud835\udc00\ud835\udc20\ud835\udc2e\ud835\udc1a \ud835\udc0f\ud835\udc28\ud835\udc2d\ud835\udc1a\ud835\udc1b\ud835\udc25\ud835\udc1e \ud835\udc32 \ud835\udc12\ud835\udc1a\ud835\udc27\ud835\udc1e\ud835\udc1a\ud835\udc26\ud835\udc22\ud835\udc1e\ud835\udc27\ud835\udc2d\ud835\udc28&#8221;, del 25 al 27 de Junio en la ciudad de Guatemala, Guatemala. El objetivo es validar la [&hellip;]<\/p>\n","protected":false},"author":1,"featured_media":0,"comment_status":"open","ping_status":"open","sticky":false,"template":"","format":"standard","meta":{"_eb_attr":"","footnotes":""},"categories":[1],"tags":[],"class_list":["post-7751","post","type-post","status-publish","format-standard","hentry","category-memoria"],"_links":{"self":[{"href":"https:\/\/sanaa.hn\/index.php\/wp-json\/wp\/v2\/posts\/7751","targetHints":{"allow":["GET"]}}],"collection":[{"href":"https:\/\/sanaa.hn\/index.php\/wp-json\/wp\/v2\/posts"}],"about":[{"href":"https:\/\/sanaa.hn\/index.php\/wp-json\/wp\/v2\/types\/post"}],"author":[{"embeddable":true,"href":"https:\/\/sanaa.hn\/index.php\/wp-json\/wp\/v2\/users\/1"}],"replies":[{"embeddable":true,"href":"https:\/\/sanaa.hn\/index.php\/wp-json\/wp\/v2\/comments?post=7751"}],"version-history":[{"count":1,"href":"https:\/\/sanaa.hn\/index.php\/wp-json\/wp\/v2\/posts\/7751\/revisions"}],"predecessor-version":[{"id":7753,"href":"https:\/\/sanaa.hn\/index.php\/wp-json\/wp\/v2\/posts\/7751\/revisions\/7753"}],"wp:attachment":[{"href":"https:\/\/sanaa.hn\/index.php\/wp-json\/wp\/v2\/media?parent=7751"}],"wp:term":[{"taxonomy":"category","embeddable":true,"href":"https:\/\/sanaa.hn\/index.php\/wp-json\/wp\/v2\/categories?post=7751"},{"taxonomy":"post_tag","embeddable":true,"href":"https:\/\/sanaa.hn\/index.php\/wp-json\/wp\/v2\/tags?post=7751"}],"curies":[{"name":"wp","href":"https:\/\/api.w.org\/{rel}","templated":true}]}}