{"id":7607,"date":"2025-06-19T14:40:14","date_gmt":"2025-06-19T14:40:14","guid":{"rendered":"https:\/\/sanaa.hn\/?p=7607"},"modified":"2025-06-19T14:40:17","modified_gmt":"2025-06-19T14:40:17","slug":"sanaa-region-sur-brinda-asesoria-legal-a-junta-de-agua-de-la-aldea-colorados-choluteca-para-obtener-personeria-juridica","status":"publish","type":"post","link":"https:\/\/sanaa.hn\/index.php\/sanaa-region-sur-brinda-asesoria-legal-a-junta-de-agua-de-la-aldea-colorados-choluteca-para-obtener-personeria-juridica\/","title":{"rendered":"SANAA REGI\u00d3N SUR BRINDA ASESORIA LEGAL A JUNTA DE AGUA DE LA ALDEA COLORADOS CHOLUTECA, PARA OBTENER PERSONERIA JURIDICA"},"content":{"rendered":"\n<figure class=\"wp-block-image size-full\"><img fetchpriority=\"high\" decoding=\"async\" width=\"1600\" height=\"1200\" src=\"https:\/\/sanaa.hn\/wp-content\/uploads\/2025\/06\/JUNTA.jpg\" alt=\"\" class=\"wp-image-7608\"\/><\/figure>\n\n\n\n<p>Por medio del Procurador Legal de la regional sur , se brind\u00f3 atenci\u00f3n a la Junta Administradora de Agua Potable y Saneamiento de la aldea Los Colorados, municipio de Choluteca, departamento de Choluteca.<\/p>\n\n\n\n<p>El objetivo de esta atenci\u00f3n fue iniciar el tr\u00e1mite para la obtenci\u00f3n de la personer\u00eda jur\u00eddica , paso necesario para que dicha junta pueda optar al beneficio establecido en el decreto 50-2010, que permite pagar \u00fanicamente 2 lempiras por kilovatio hora, beneficiando as\u00ed a aproximadamente 450 personas de la comunidad.<\/p>\n\n\n\n<p>De esta manera, avanzamos en la refundaci\u00f3n del sector Agua Potable y Saneamiento en la Regional Sur, siguiendo las instrucciones de la presidenta <a href=\"https:\/\/www.facebook.com\/XiomaraCastroZ?__cft__%5b0%5d=AZUdRp8JVRCHINVqLRBV7J8f6HJ_rF_-xW8AGUbNj5XfdY1D74YEu4DxvMe8899WQarHjJ0iX527q_OKlYSdpXDsAvGDQggDMRH5_7Cy0T2J37i_4gm6mwIsUlikGVQmfW5E202jqXKTvOq6xgHs7hlt&amp;__tn__=-%5dK-R\"><strong>Xiomara Castro De Zelaya<\/strong><\/a>, bajo la administraci\u00f3n del abogado <a href=\"https:\/\/www.facebook.com\/RIsaacPanchame?__cft__%5b0%5d=AZUdRp8JVRCHINVqLRBV7J8f6HJ_rF_-xW8AGUbNj5XfdY1D74YEu4DxvMe8899WQarHjJ0iX527q_OKlYSdpXDsAvGDQggDMRH5_7Cy0T2J37i_4gm6mwIsUlikGVQmfW5E202jqXKTvOq6xgHs7hlt&amp;__tn__=-%5dK-R\"><strong>Ricardo Panchame<\/strong><\/a>, Gerente General del SANAA.<\/p>\n","protected":false},"excerpt":{"rendered":"<p>Por medio del Procurador Legal de la regional sur , se brind\u00f3 atenci\u00f3n a la Junta Administradora de Agua Potable y Saneamiento de la aldea Los Colorados, municipio de Choluteca, departamento de Choluteca. El objetivo de esta atenci\u00f3n fue iniciar el tr\u00e1mite para la obtenci\u00f3n de la personer\u00eda jur\u00eddica , paso necesario para que dicha [&hellip;]<\/p>\n","protected":false},"author":1,"featured_media":0,"comment_status":"open","ping_status":"open","sticky":false,"template":"","format":"standard","meta":{"_eb_attr":"","footnotes":""},"categories":[1],"tags":[],"class_list":["post-7607","post","type-post","status-publish","format-standard","hentry","category-memoria"],"_links":{"self":[{"href":"https:\/\/sanaa.hn\/index.php\/wp-json\/wp\/v2\/posts\/7607","targetHints":{"allow":["GET"]}}],"collection":[{"href":"https:\/\/sanaa.hn\/index.php\/wp-json\/wp\/v2\/posts"}],"about":[{"href":"https:\/\/sanaa.hn\/index.php\/wp-json\/wp\/v2\/types\/post"}],"author":[{"embeddable":true,"href":"https:\/\/sanaa.hn\/index.php\/wp-json\/wp\/v2\/users\/1"}],"replies":[{"embeddable":true,"href":"https:\/\/sanaa.hn\/index.php\/wp-json\/wp\/v2\/comments?post=7607"}],"version-history":[{"count":1,"href":"https:\/\/sanaa.hn\/index.php\/wp-json\/wp\/v2\/posts\/7607\/revisions"}],"predecessor-version":[{"id":7609,"href":"https:\/\/sanaa.hn\/index.php\/wp-json\/wp\/v2\/posts\/7607\/revisions\/7609"}],"wp:attachment":[{"href":"https:\/\/sanaa.hn\/index.php\/wp-json\/wp\/v2\/media?parent=7607"}],"wp:term":[{"taxonomy":"category","embeddable":true,"href":"https:\/\/sanaa.hn\/index.php\/wp-json\/wp\/v2\/categories?post=7607"},{"taxonomy":"post_tag","embeddable":true,"href":"https:\/\/sanaa.hn\/index.php\/wp-json\/wp\/v2\/tags?post=7607"}],"curies":[{"name":"wp","href":"https:\/\/api.w.org\/{rel}","templated":true}]}}