{"id":7436,"date":"2025-06-02T16:06:04","date_gmt":"2025-06-02T16:06:04","guid":{"rendered":"https:\/\/sanaa.hn\/?p=7436"},"modified":"2025-06-02T16:06:08","modified_gmt":"2025-06-02T16:06:08","slug":"sanaa-regional-de-olanchito-participa-en-celebracion-del-dia-del-arbol","status":"publish","type":"post","link":"https:\/\/sanaa.hn\/index.php\/sanaa-regional-de-olanchito-participa-en-celebracion-del-dia-del-arbol\/","title":{"rendered":"SANAA REGIONAL DE OLANCHITO PARTICIPA EN CELEBRACI\u00d3N DEL D\u00cdA DEL \u00c1RBOL"},"content":{"rendered":"\n<figure class=\"wp-block-image size-full\"><img fetchpriority=\"high\" decoding=\"async\" width=\"1252\" height=\"720\" src=\"https:\/\/sanaa.hn\/wp-content\/uploads\/2025\/06\/olanchito.jpg\" alt=\"\" class=\"wp-image-7437\"\/><\/figure>\n\n\n\n<p>El Servicio Aut\u00f3nomo Nacional de Acueductos y Alcantarillados (SANAA), regional Olanchito, particip\u00f3 en la celebraci\u00f3n del D\u00eda del \u00c1rbol, atendiendo la cordial invitaci\u00f3n de las autoridades del Instituto Gubernamental Francisco J. Mej\u00eda.<\/p>\n\n\n\n<p>La actividad se desarroll\u00f3 en el parque ecol\u00f3gico Caridad Viuda de Posas, propiedad de la instituci\u00f3n educativa, un espacio natural que promueve la conciencia ambiental y la conservaci\u00f3n de los recursos.<\/p>\n\n\n\n<p>Durante la jornada, estudiantes, docentes y personal del SANAA reafirmaron su compromiso con la protecci\u00f3n del medio ambiente, destacando la importancia de los \u00e1rboles en la conservaci\u00f3n del agua y el equilibrio ecol\u00f3gico.<\/p>\n","protected":false},"excerpt":{"rendered":"<p>El Servicio Aut\u00f3nomo Nacional de Acueductos y Alcantarillados (SANAA), regional Olanchito, particip\u00f3 en la celebraci\u00f3n del D\u00eda del \u00c1rbol, atendiendo la cordial invitaci\u00f3n de las autoridades del Instituto Gubernamental Francisco J. Mej\u00eda. La actividad se desarroll\u00f3 en el parque ecol\u00f3gico Caridad Viuda de Posas, propiedad de la instituci\u00f3n educativa, un espacio natural que promueve la [&hellip;]<\/p>\n","protected":false},"author":1,"featured_media":0,"comment_status":"open","ping_status":"open","sticky":false,"template":"","format":"standard","meta":{"_eb_attr":"","footnotes":""},"categories":[1],"tags":[],"class_list":["post-7436","post","type-post","status-publish","format-standard","hentry","category-memoria"],"_links":{"self":[{"href":"https:\/\/sanaa.hn\/index.php\/wp-json\/wp\/v2\/posts\/7436","targetHints":{"allow":["GET"]}}],"collection":[{"href":"https:\/\/sanaa.hn\/index.php\/wp-json\/wp\/v2\/posts"}],"about":[{"href":"https:\/\/sanaa.hn\/index.php\/wp-json\/wp\/v2\/types\/post"}],"author":[{"embeddable":true,"href":"https:\/\/sanaa.hn\/index.php\/wp-json\/wp\/v2\/users\/1"}],"replies":[{"embeddable":true,"href":"https:\/\/sanaa.hn\/index.php\/wp-json\/wp\/v2\/comments?post=7436"}],"version-history":[{"count":1,"href":"https:\/\/sanaa.hn\/index.php\/wp-json\/wp\/v2\/posts\/7436\/revisions"}],"predecessor-version":[{"id":7438,"href":"https:\/\/sanaa.hn\/index.php\/wp-json\/wp\/v2\/posts\/7436\/revisions\/7438"}],"wp:attachment":[{"href":"https:\/\/sanaa.hn\/index.php\/wp-json\/wp\/v2\/media?parent=7436"}],"wp:term":[{"taxonomy":"category","embeddable":true,"href":"https:\/\/sanaa.hn\/index.php\/wp-json\/wp\/v2\/categories?post=7436"},{"taxonomy":"post_tag","embeddable":true,"href":"https:\/\/sanaa.hn\/index.php\/wp-json\/wp\/v2\/tags?post=7436"}],"curies":[{"name":"wp","href":"https:\/\/api.w.org\/{rel}","templated":true}]}}