{"id":7433,"date":"2025-06-02T16:02:22","date_gmt":"2025-06-02T16:02:22","guid":{"rendered":"https:\/\/sanaa.hn\/?p=7433"},"modified":"2025-06-02T16:02:26","modified_gmt":"2025-06-02T16:02:26","slug":"en-la-comunidad-floridad-de-lagarto-sanaa-realiza-visita-a-traves-del-edepartamento-de-comunidades-en-desarrollo","status":"publish","type":"post","link":"https:\/\/sanaa.hn\/index.php\/en-la-comunidad-floridad-de-lagarto-sanaa-realiza-visita-a-traves-del-edepartamento-de-comunidades-en-desarrollo\/","title":{"rendered":"EN LA COMUNIDAD FLORIDAD DE LAGARTO SANAA REALIZA VISITA A TRAV\u00c9S DEL EDEPARTAMENTO DE COMUNIDADES EN DESARROLLO"},"content":{"rendered":"\n<figure class=\"wp-block-image size-full\"><img fetchpriority=\"high\" decoding=\"async\" width=\"1282\" height=\"900\" src=\"https:\/\/sanaa.hn\/wp-content\/uploads\/2025\/06\/LAGARTO.jpg\" alt=\"\" class=\"wp-image-7434\"\/><\/figure>\n\n\n\n<p>SANAA \u2013 El Departamento de Comunidades en Desarrollo, en coordinaci\u00f3n con el equipo de Ingenier\u00eda, realiz\u00f3 una visita t\u00e9cnica y una asamblea comunitaria en la comunidad de La Florida del Lagarto, con el objetivo de fortalecer la organizaci\u00f3n local y dar seguimiento al proyecto de agua potable.<\/p>\n\n\n\n<p>Se reestructur\u00f3 la Junta Administradora de Agua<\/p>\n\n\n\n<p>El proyecto presenta un 80 % de avance y actualmente se trabaja en la instalaci\u00f3n de las conexiones domiciliarias<\/p>\n\n\n\n<p>Se complet\u00f3 la inscripci\u00f3n oficial en el libro de juntas de agua<\/p>\n\n\n\n<p>Se supervis\u00f3 la fuente y el tanque de distribuci\u00f3n de 5,000 galones<\/p>\n\n\n\n<p>La comunidad qued\u00f3 formalmente organizada, cumpliendo con los requisitos legales, y est\u00e1 lista para iniciar el proceso de capacitaci\u00f3n durante la pr\u00f3xima visita.<\/p>\n","protected":false},"excerpt":{"rendered":"<p>SANAA \u2013 El Departamento de Comunidades en Desarrollo, en coordinaci\u00f3n con el equipo de Ingenier\u00eda, realiz\u00f3 una visita t\u00e9cnica y una asamblea comunitaria en la comunidad de La Florida del Lagarto, con el objetivo de fortalecer la organizaci\u00f3n local y dar seguimiento al proyecto de agua potable. Se reestructur\u00f3 la Junta Administradora de Agua El [&hellip;]<\/p>\n","protected":false},"author":1,"featured_media":0,"comment_status":"open","ping_status":"open","sticky":false,"template":"","format":"standard","meta":{"_eb_attr":"","footnotes":""},"categories":[1],"tags":[],"class_list":["post-7433","post","type-post","status-publish","format-standard","hentry","category-memoria"],"_links":{"self":[{"href":"https:\/\/sanaa.hn\/index.php\/wp-json\/wp\/v2\/posts\/7433","targetHints":{"allow":["GET"]}}],"collection":[{"href":"https:\/\/sanaa.hn\/index.php\/wp-json\/wp\/v2\/posts"}],"about":[{"href":"https:\/\/sanaa.hn\/index.php\/wp-json\/wp\/v2\/types\/post"}],"author":[{"embeddable":true,"href":"https:\/\/sanaa.hn\/index.php\/wp-json\/wp\/v2\/users\/1"}],"replies":[{"embeddable":true,"href":"https:\/\/sanaa.hn\/index.php\/wp-json\/wp\/v2\/comments?post=7433"}],"version-history":[{"count":1,"href":"https:\/\/sanaa.hn\/index.php\/wp-json\/wp\/v2\/posts\/7433\/revisions"}],"predecessor-version":[{"id":7435,"href":"https:\/\/sanaa.hn\/index.php\/wp-json\/wp\/v2\/posts\/7433\/revisions\/7435"}],"wp:attachment":[{"href":"https:\/\/sanaa.hn\/index.php\/wp-json\/wp\/v2\/media?parent=7433"}],"wp:term":[{"taxonomy":"category","embeddable":true,"href":"https:\/\/sanaa.hn\/index.php\/wp-json\/wp\/v2\/categories?post=7433"},{"taxonomy":"post_tag","embeddable":true,"href":"https:\/\/sanaa.hn\/index.php\/wp-json\/wp\/v2\/tags?post=7433"}],"curies":[{"name":"wp","href":"https:\/\/api.w.org\/{rel}","templated":true}]}}