{"id":7180,"date":"2025-05-12T19:13:18","date_gmt":"2025-05-12T19:13:18","guid":{"rendered":"https:\/\/sanaa.hn\/?p=7180"},"modified":"2025-05-12T19:13:22","modified_gmt":"2025-05-12T19:13:22","slug":"personal-tecnico-del-sanaa-de-la-ceiba-realiza-visita-tecnica-a-la-comunida-de-orotina","status":"publish","type":"post","link":"https:\/\/sanaa.hn\/index.php\/personal-tecnico-del-sanaa-de-la-ceiba-realiza-visita-tecnica-a-la-comunida-de-orotina\/","title":{"rendered":"PERSONAL TECNICO DEL SANAA DE LA CEIBA REALIZA VISITA TECNICA A LA COMUNIDA DE OROTINA"},"content":{"rendered":"\n<figure class=\"wp-block-image size-full\"><img fetchpriority=\"high\" decoding=\"async\" width=\"1600\" height=\"1200\" src=\"https:\/\/sanaa.hn\/wp-content\/uploads\/2025\/05\/orotina.jpg\" alt=\"\" class=\"wp-image-7181\"\/><\/figure>\n\n\n\n<p>Personal t\u00e9cnico de la regional de La Ceiba, departamento de Atl\u00e1ntida, realiz\u00f3 una visita t\u00e9cnica a la comunidad de Orotina, en respuesta a la solicitud de su junta de agua.<\/p>\n\n\n\n<p>Dado que cuentan con una nueva junta directiva, solicitaron orientaci\u00f3n sobre el funcionamiento de una junta de agua. Por ello, el equipo de la Divisi\u00f3n de Desarrollo del SANAA, se traslad\u00f3 a la comunidad para capacitarlos en temas de operaci\u00f3n y mantenimiento del sistema.<\/p>\n\n\n\n<p>Durante la jornada, tambi\u00e9n se entreg\u00f3 material ilustrativo como apoyo a la capacitaci\u00f3n. Esta comunidad pertenece al municipio de El Porvenir y cuenta con una poblaci\u00f3n de aproximadamente 1,085 personas.<\/p>\n\n\n\n<p>De esta manera, el Gerente General, <a href=\"https:\/\/www.facebook.com\/RIsaacPanchame?__cft__%5b0%5d=AZX4mRB-pgzk_jhcx4YPZCSD_kM7CKcW4ESMiG0JH1-92u7HWTMPxOQPpE9jHnjA20myKZ9bbXZY3B52HKCc0vgmPCA0mAkSZhmPKwLUYAyFDpMlO51zFfIre86Gpg7PFfc44uv9xCaT_Ljwio7hicRrykb9ZuXICA3-M7PsKkwgmmBwxmGPhKdSD9uykZkrDzPMBMPWIDeF7waDkxY95om6&amp;__tn__=-%5dK-R\"><strong>Ricardo Panchame<\/strong><\/a>, reafirma su compromiso y contin\u00faa brindando respuestas concretas en temas de agua y saneamiento a la poblaci\u00f3n hondure\u00f1a.<\/p>\n\n\n\n<p>Visite nuestra p\u00e1gina web: <a href=\"http:\/\/www.sanaa.hn\/?fbclid=IwZXh0bgNhZW0CMTAAYnJpZBExZEJzNE12TGJuanpxTnhlNwEeWD9VJ-FKJP8oCZruhHB98Y9PoYVFOkgIeZP3tpQ54d5Npie9utRwMvzBwVM_aem_sGcFAUyvP-qMX6H_ypYWMQ\" target=\"_blank\" rel=\"noreferrer noopener\"><strong>www.sanaa.hn<\/strong><\/a> .<\/p>\n","protected":false},"excerpt":{"rendered":"<p>Personal t\u00e9cnico de la regional de La Ceiba, departamento de Atl\u00e1ntida, realiz\u00f3 una visita t\u00e9cnica a la comunidad de Orotina, en respuesta a la solicitud de su junta de agua. Dado que cuentan con una nueva junta directiva, solicitaron orientaci\u00f3n sobre el funcionamiento de una junta de agua. Por ello, el equipo de la Divisi\u00f3n [&hellip;]<\/p>\n","protected":false},"author":1,"featured_media":0,"comment_status":"open","ping_status":"open","sticky":false,"template":"","format":"standard","meta":{"_eb_attr":"","footnotes":""},"categories":[1],"tags":[],"class_list":["post-7180","post","type-post","status-publish","format-standard","hentry","category-memoria"],"_links":{"self":[{"href":"https:\/\/sanaa.hn\/index.php\/wp-json\/wp\/v2\/posts\/7180","targetHints":{"allow":["GET"]}}],"collection":[{"href":"https:\/\/sanaa.hn\/index.php\/wp-json\/wp\/v2\/posts"}],"about":[{"href":"https:\/\/sanaa.hn\/index.php\/wp-json\/wp\/v2\/types\/post"}],"author":[{"embeddable":true,"href":"https:\/\/sanaa.hn\/index.php\/wp-json\/wp\/v2\/users\/1"}],"replies":[{"embeddable":true,"href":"https:\/\/sanaa.hn\/index.php\/wp-json\/wp\/v2\/comments?post=7180"}],"version-history":[{"count":1,"href":"https:\/\/sanaa.hn\/index.php\/wp-json\/wp\/v2\/posts\/7180\/revisions"}],"predecessor-version":[{"id":7182,"href":"https:\/\/sanaa.hn\/index.php\/wp-json\/wp\/v2\/posts\/7180\/revisions\/7182"}],"wp:attachment":[{"href":"https:\/\/sanaa.hn\/index.php\/wp-json\/wp\/v2\/media?parent=7180"}],"wp:term":[{"taxonomy":"category","embeddable":true,"href":"https:\/\/sanaa.hn\/index.php\/wp-json\/wp\/v2\/categories?post=7180"},{"taxonomy":"post_tag","embeddable":true,"href":"https:\/\/sanaa.hn\/index.php\/wp-json\/wp\/v2\/tags?post=7180"}],"curies":[{"name":"wp","href":"https:\/\/api.w.org\/{rel}","templated":true}]}}