{"id":7083,"date":"2025-03-26T15:01:34","date_gmt":"2025-03-26T15:01:34","guid":{"rendered":"https:\/\/sanaa.hn\/?p=7083"},"modified":"2025-03-26T15:01:38","modified_gmt":"2025-03-26T15:01:38","slug":"sanaa-regional-sur-realiza-entrega-de-personeria-juridica-a-junta-de-agua-de-el-ocotillo-el-corpus-choluteca","status":"publish","type":"post","link":"https:\/\/sanaa.hn\/index.php\/sanaa-regional-sur-realiza-entrega-de-personeria-juridica-a-junta-de-agua-de-el-ocotillo-el-corpus-choluteca\/","title":{"rendered":"SANAA REGIONAL SUR REALIZA ENTREGA DE PERSONERIA JURIDICA A JUNTA DE AGUA DE EL OCOTILLO EL CORPUS CHOLUTECA"},"content":{"rendered":"\n<figure class=\"wp-block-image size-full\"><img fetchpriority=\"high\" decoding=\"async\" width=\"921\" height=\"1006\" src=\"https:\/\/sanaa.hn\/wp-content\/uploads\/2025\/03\/image-64.png\" alt=\"\" class=\"wp-image-7084\"\/><\/figure>\n\n\n\n<p>El personal de la regional sur realiz\u00f3 la entrega de la certificaci\u00f3n de personeria jur\u00eddica al presidente de la junta administradora de la comunidad de El Ocotillo, municipio de El Corpus, departamento de Choluteca.<\/p>\n\n\n\n<p>As\u00ed avanza la asistencia t\u00e9cnica sectorial en esta regional como mandato de nuestra presidenta <a href=\"https:\/\/www.facebook.com\/XiomaraCastroZ?__cft__%5b0%5d=AZVpzAk5-XK2Ymjmi4DvLp5U6IGxIXpbOdyd5lQxrmRQ1HHpwUR_xjYXNmJwFW5yN-GVK2Jrxw6XFC1E7F_zkoWHh2B8-8INQTVfLulUzvtNL5fNO-JlhgNxPuNZSyukIE0hMrVF7TSPaijGZMDwmsBjKMwv0YQM6pJSG2t79p2tED7NS5ccXmzW4w61BZKn9cM&amp;__tn__=-%5dK-R\"><strong>Xiomara Castro De Zelaya<\/strong><\/a> por medio del Gerente General, Abogado <a href=\"https:\/\/www.facebook.com\/RIsaacPanchame?__cft__%5b0%5d=AZVpzAk5-XK2Ymjmi4DvLp5U6IGxIXpbOdyd5lQxrmRQ1HHpwUR_xjYXNmJwFW5yN-GVK2Jrxw6XFC1E7F_zkoWHh2B8-8INQTVfLulUzvtNL5fNO-JlhgNxPuNZSyukIE0hMrVF7TSPaijGZMDwmsBjKMwv0YQM6pJSG2t79p2tED7NS5ccXmzW4w61BZKn9cM&amp;__tn__=-%5dK-R\"><strong>Ricardo Panchame<\/strong><\/a>.<\/p>\n","protected":false},"excerpt":{"rendered":"<p>El personal de la regional sur realiz\u00f3 la entrega de la certificaci\u00f3n de personeria jur\u00eddica al presidente de la junta administradora de la comunidad de El Ocotillo, municipio de El Corpus, departamento de Choluteca. As\u00ed avanza la asistencia t\u00e9cnica sectorial en esta regional como mandato de nuestra presidenta Xiomara Castro De Zelaya por medio del [&hellip;]<\/p>\n","protected":false},"author":1,"featured_media":0,"comment_status":"open","ping_status":"open","sticky":false,"template":"","format":"standard","meta":{"_eb_attr":"","footnotes":""},"categories":[1],"tags":[],"class_list":["post-7083","post","type-post","status-publish","format-standard","hentry","category-memoria"],"_links":{"self":[{"href":"https:\/\/sanaa.hn\/index.php\/wp-json\/wp\/v2\/posts\/7083","targetHints":{"allow":["GET"]}}],"collection":[{"href":"https:\/\/sanaa.hn\/index.php\/wp-json\/wp\/v2\/posts"}],"about":[{"href":"https:\/\/sanaa.hn\/index.php\/wp-json\/wp\/v2\/types\/post"}],"author":[{"embeddable":true,"href":"https:\/\/sanaa.hn\/index.php\/wp-json\/wp\/v2\/users\/1"}],"replies":[{"embeddable":true,"href":"https:\/\/sanaa.hn\/index.php\/wp-json\/wp\/v2\/comments?post=7083"}],"version-history":[{"count":1,"href":"https:\/\/sanaa.hn\/index.php\/wp-json\/wp\/v2\/posts\/7083\/revisions"}],"predecessor-version":[{"id":7085,"href":"https:\/\/sanaa.hn\/index.php\/wp-json\/wp\/v2\/posts\/7083\/revisions\/7085"}],"wp:attachment":[{"href":"https:\/\/sanaa.hn\/index.php\/wp-json\/wp\/v2\/media?parent=7083"}],"wp:term":[{"taxonomy":"category","embeddable":true,"href":"https:\/\/sanaa.hn\/index.php\/wp-json\/wp\/v2\/categories?post=7083"},{"taxonomy":"post_tag","embeddable":true,"href":"https:\/\/sanaa.hn\/index.php\/wp-json\/wp\/v2\/tags?post=7083"}],"curies":[{"name":"wp","href":"https:\/\/api.w.org\/{rel}","templated":true}]}}