{"id":6645,"date":"2025-02-03T16:57:52","date_gmt":"2025-02-03T16:57:52","guid":{"rendered":"https:\/\/sanaa.hn\/?p=6645"},"modified":"2025-02-03T16:57:56","modified_gmt":"2025-02-03T16:57:56","slug":"sanaa-regional-centro-occidente-evalua-danos-en-chinacla-la-paz-tras-el-paso-de-la-tormenta-sara","status":"publish","type":"post","link":"https:\/\/sanaa.hn\/index.php\/sanaa-regional-centro-occidente-evalua-danos-en-chinacla-la-paz-tras-el-paso-de-la-tormenta-sara\/","title":{"rendered":"SANAA REGIONAL CENTRO OCCIDENTE EVALUA DA\u00d1OS EN CHINACLA, LA PAZ, TRAS EL PASO DE LA TORMENTA SARA"},"content":{"rendered":"\n<figure class=\"wp-block-image size-full is-resized\"><img fetchpriority=\"high\" decoding=\"async\" width=\"719\" height=\"959\" src=\"https:\/\/sanaa.hn\/wp-content\/uploads\/2025\/02\/image.png\" alt=\"\" class=\"wp-image-6646\" style=\"width:454px;height:auto\"\/><\/figure>\n\n\n\n<p>SANAA Regional Centro &#8211; Occidente.<\/p>\n\n\n\n<p>Personal t\u00e9cnico de la instituci\u00f3n realiz\u00f3 un recorrido por la comunidad de Arenales, municipio de Chinacla, departamento de La Paz, con el prop\u00f3sito de verificar los da\u00f1os ocasionados por la tormenta tropical Sara, en la zona.<\/p>\n\n\n\n<p>El fen\u00f3meno natural provoc\u00f3 derrumbes e inundaciones, lo que ocasion\u00f3 da\u00f1os en la infraestructura del proyecto de agua potable que abastece el lugar, por lo que se necesita instalar 36 lances de tuber\u00eda de hierro fundido (HG), para poder reponer la l\u00ednea de conducci\u00f3n del vital liquido, con este trabajo se pretende beneficiar a 600 habitantes que est\u00e1n con problemas de abastecimiento.<\/p>\n\n\n\n<p>Por instrucciones del gerente general de la instituci\u00f3n, <a href=\"https:\/\/www.facebook.com\/RIsaacPanchame?__cft__%5b0%5d=AZVO-NwR6D520-oB8Xe_rnt7GUU1GyFmh2fZS3hSntLpRIQT8pNcPrYePSr7DeeKtM6U3yTOuqeeE77hrzp3SyaOi9qcnQD16I1_Sb23ewHjg669dQfxFF42mPRSavMKQWi6UF_z6BoiewLZq_4O9neejPVeezKkZZjEtehTPsfxN980Oo4a16G6leH1ZcV4V3c&amp;__tn__=-%5dK-R\"><strong>Ricardo Panchame<\/strong><\/a> y bajo la supervisi\u00f3n del jefe regional, Wenceslao Orellana, se contin\u00faa avanzando en la reconstrucci\u00f3n de los sistemas de agua potable y saneamiento, da\u00f1ados en la region Centro Occidente del pa\u00eds.<\/p>\n\n\n\n<p>Visite nuestra p\u00e1gina web: <a href=\"http:\/\/www.sanaa.hn\/?fbclid=IwZXh0bgNhZW0CMTAAAR22_Hf97EXIcVyP1EHa5HJuV77B943MR8lcbipoZ0SnoxSFw1X5kFDS40s_aem_icTckQRPQBanZ7XkVSYjLg\" target=\"_blank\" rel=\"noreferrer noopener\"><strong>www.sanaa.hn<\/strong><\/a>.<\/p>\n","protected":false},"excerpt":{"rendered":"<p>SANAA Regional Centro &#8211; Occidente. Personal t\u00e9cnico de la instituci\u00f3n realiz\u00f3 un recorrido por la comunidad de Arenales, municipio de Chinacla, departamento de La Paz, con el prop\u00f3sito de verificar los da\u00f1os ocasionados por la tormenta tropical Sara, en la zona. El fen\u00f3meno natural provoc\u00f3 derrumbes e inundaciones, lo que ocasion\u00f3 da\u00f1os en la infraestructura [&hellip;]<\/p>\n","protected":false},"author":1,"featured_media":0,"comment_status":"open","ping_status":"open","sticky":false,"template":"","format":"standard","meta":{"_eb_attr":"","footnotes":""},"categories":[1],"tags":[],"class_list":["post-6645","post","type-post","status-publish","format-standard","hentry","category-memoria"],"_links":{"self":[{"href":"https:\/\/sanaa.hn\/index.php\/wp-json\/wp\/v2\/posts\/6645","targetHints":{"allow":["GET"]}}],"collection":[{"href":"https:\/\/sanaa.hn\/index.php\/wp-json\/wp\/v2\/posts"}],"about":[{"href":"https:\/\/sanaa.hn\/index.php\/wp-json\/wp\/v2\/types\/post"}],"author":[{"embeddable":true,"href":"https:\/\/sanaa.hn\/index.php\/wp-json\/wp\/v2\/users\/1"}],"replies":[{"embeddable":true,"href":"https:\/\/sanaa.hn\/index.php\/wp-json\/wp\/v2\/comments?post=6645"}],"version-history":[{"count":1,"href":"https:\/\/sanaa.hn\/index.php\/wp-json\/wp\/v2\/posts\/6645\/revisions"}],"predecessor-version":[{"id":6647,"href":"https:\/\/sanaa.hn\/index.php\/wp-json\/wp\/v2\/posts\/6645\/revisions\/6647"}],"wp:attachment":[{"href":"https:\/\/sanaa.hn\/index.php\/wp-json\/wp\/v2\/media?parent=6645"}],"wp:term":[{"taxonomy":"category","embeddable":true,"href":"https:\/\/sanaa.hn\/index.php\/wp-json\/wp\/v2\/categories?post=6645"},{"taxonomy":"post_tag","embeddable":true,"href":"https:\/\/sanaa.hn\/index.php\/wp-json\/wp\/v2\/tags?post=6645"}],"curies":[{"name":"wp","href":"https:\/\/api.w.org\/{rel}","templated":true}]}}