{"id":6061,"date":"2024-10-18T19:55:12","date_gmt":"2024-10-18T19:55:12","guid":{"rendered":"https:\/\/sanaa.hn\/?p=6061"},"modified":"2024-10-18T19:55:16","modified_gmt":"2024-10-18T19:55:16","slug":"autoridades-de-la-institucion-sostuvieron-una-reunion-con-la-mancomunidad-nasmar-con-el-proposito-de-llevar-a-cabo-la-firma-de-un-convenio","status":"publish","type":"post","link":"https:\/\/sanaa.hn\/index.php\/autoridades-de-la-institucion-sostuvieron-una-reunion-con-la-mancomunidad-nasmar-con-el-proposito-de-llevar-a-cabo-la-firma-de-un-convenio\/","title":{"rendered":"AUTORIDADES DE LA INSTITUCI\u00d3N SOSTUVIERON UNA REUNI\u00d3N CON LA MANCOMUNIDAD NASMAR, CON EL PROP\u00d3SITO DE LLEVAR A CABO LA FIRMA DE UN CONVENIO"},"content":{"rendered":"\n<figure class=\"wp-block-image size-full is-resized\"><img fetchpriority=\"high\" decoding=\"async\" width=\"380\" height=\"285\" src=\"https:\/\/sanaa.hn\/wp-content\/uploads\/2024\/10\/image-7.png\" alt=\"\" class=\"wp-image-6062\" style=\"width:420px;height:auto\"\/><\/figure>\n\n\n\n<p>Autoridades del SANAA, se reunieron con la mancomunidad <a href=\"https:\/\/www.facebook.com\/nasmarhn?__cft__%5b0%5d=AZW0i-n-jnsIBZwdj7yDK_WHEqyByIGkrX8N3aqxkR0rftSOEbBx8p8kS6pVJv_u3O1ktBOz-OifU8LbIrYJl-iEDi0Nwu4JGnG07XIiWpXAFDPMsR_ONVv4WnyaSgazidCMGrVJbTzJR0wuMd1bqrAc5q_Xrki1La7uUk5u0K6xZrLVcznadfYLUOXMS8XiTkE&amp;__tn__=-%5dK-R\">Nasmar<\/a>, con el prop\u00f3sito de llevar a cabo la firma de un convenio, para apoyar y fortalecer el sector agua potable y saneamiento en algunos municipios de los departamentos de Choluteca, Valle y El Para\u00edso.<\/p>\n\n\n\n<p>&nbsp;&nbsp;&nbsp;&nbsp;&nbsp;&nbsp;&nbsp;&nbsp;&nbsp;&nbsp;&nbsp; Participaron en esta reuni\u00f3n los representantes de Ingenier\u00eda sin Frontera (Galicia), Zaira Villar y Raquel Zolle. Y por parte del <a href=\"https:\/\/www.facebook.com\/HondurasSANAA?__cft__%5b0%5d=AZW0i-n-jnsIBZwdj7yDK_WHEqyByIGkrX8N3aqxkR0rftSOEbBx8p8kS6pVJv_u3O1ktBOz-OifU8LbIrYJl-iEDi0Nwu4JGnG07XIiWpXAFDPMsR_ONVv4WnyaSgazidCMGrVJbTzJR0wuMd1bqrAc5q_Xrki1La7uUk5u0K6xZrLVcznadfYLUOXMS8XiTkE&amp;__tn__=-%5dK-R\">SANAA Honduras<\/a>: el licenciado Williams&nbsp;&nbsp;&nbsp; Acosta, Jefe de la Divisi\u00f3n de Desarrollo, y el licenciado Clarense Centeno.<\/p>\n","protected":false},"excerpt":{"rendered":"<p>Autoridades del SANAA, se reunieron con la mancomunidad Nasmar, con el prop\u00f3sito de llevar a cabo la firma de un convenio, para apoyar y fortalecer el sector agua potable y saneamiento en algunos municipios de los departamentos de Choluteca, Valle y El Para\u00edso. &nbsp;&nbsp;&nbsp;&nbsp;&nbsp;&nbsp;&nbsp;&nbsp;&nbsp;&nbsp;&nbsp; Participaron en esta reuni\u00f3n los representantes de Ingenier\u00eda sin Frontera (Galicia), [&hellip;]<\/p>\n","protected":false},"author":1,"featured_media":0,"comment_status":"open","ping_status":"open","sticky":false,"template":"","format":"standard","meta":{"_eb_attr":"","footnotes":""},"categories":[1],"tags":[],"class_list":["post-6061","post","type-post","status-publish","format-standard","hentry","category-memoria"],"_links":{"self":[{"href":"https:\/\/sanaa.hn\/index.php\/wp-json\/wp\/v2\/posts\/6061","targetHints":{"allow":["GET"]}}],"collection":[{"href":"https:\/\/sanaa.hn\/index.php\/wp-json\/wp\/v2\/posts"}],"about":[{"href":"https:\/\/sanaa.hn\/index.php\/wp-json\/wp\/v2\/types\/post"}],"author":[{"embeddable":true,"href":"https:\/\/sanaa.hn\/index.php\/wp-json\/wp\/v2\/users\/1"}],"replies":[{"embeddable":true,"href":"https:\/\/sanaa.hn\/index.php\/wp-json\/wp\/v2\/comments?post=6061"}],"version-history":[{"count":1,"href":"https:\/\/sanaa.hn\/index.php\/wp-json\/wp\/v2\/posts\/6061\/revisions"}],"predecessor-version":[{"id":6063,"href":"https:\/\/sanaa.hn\/index.php\/wp-json\/wp\/v2\/posts\/6061\/revisions\/6063"}],"wp:attachment":[{"href":"https:\/\/sanaa.hn\/index.php\/wp-json\/wp\/v2\/media?parent=6061"}],"wp:term":[{"taxonomy":"category","embeddable":true,"href":"https:\/\/sanaa.hn\/index.php\/wp-json\/wp\/v2\/categories?post=6061"},{"taxonomy":"post_tag","embeddable":true,"href":"https:\/\/sanaa.hn\/index.php\/wp-json\/wp\/v2\/tags?post=6061"}],"curies":[{"name":"wp","href":"https:\/\/api.w.org\/{rel}","templated":true}]}}