{"id":5725,"date":"2024-08-26T17:43:02","date_gmt":"2024-08-26T17:43:02","guid":{"rendered":"http:\/\/sanaa.hn\/?p=5725"},"modified":"2024-08-26T17:43:04","modified_gmt":"2024-08-26T17:43:04","slug":"sanaa-regional-el-progreso-hace-visita-tecnica","status":"publish","type":"post","link":"https:\/\/sanaa.hn\/index.php\/sanaa-regional-el-progreso-hace-visita-tecnica\/","title":{"rendered":"SANAA REGIONAL EL PROGRESO HACE VISITA TECNICA"},"content":{"rendered":"\n<figure class=\"wp-block-image size-full\"><img fetchpriority=\"high\" decoding=\"async\" width=\"589\" height=\"579\" src=\"https:\/\/sanaa.hn\/wp-content\/uploads\/2024\/08\/Imagen3-5.jpg\" alt=\"\" class=\"wp-image-5726\"\/><\/figure>\n\n\n\n<p>Personal t\u00e9cnico de la Divisi\u00f3n de Desarrollo del SANAA Honduras \ud835\udc1d\ud835\udc1e \ud835\udc25\ud835\udc1a \ud835\udc11\ud835\udc1e\ud835\udc20\ud835\udc22\ud835\udc28\ud835\udc27\ud835\udc1a\ud835\udc25 \ud835\udc0d\ud835\udc28\ud835\udc2b\ud835\udc2d\ud835\udc1e, se hizo presente en la comunidad de Las Delicias, municipio de Puerto Cort\u00e9s, departamento de Cortes, con el objetivo de realizar una visita t\u00e9cnica para evaluar el proyecto de agua <img decoding=\"async\" width=\"16\" height=\"16\" src=\"\" alt=\"\ud83d\udca7\">existente y brindar una nueva alternativa de abastecimiento para una poblaci\u00f3n de 1,700 personas.<\/p>\n\n\n\n<p>Esto es gracias al apoyo de la Gerencia General que dirige el abogado Ricardo Pancham\u00e9. <a href=\"https:\/\/www.facebook.com\/hashtag\/xiomaracumple?__eep__=6&amp;__cft__%5b0%5d=AZVtUavTBg0i9c3Z0laR63pQPqBFQ19G91ebqpqU6HE4zBGJYWmH_Uzf9lwK1rhx5xTHSRWAdaK9JOY59CBvzkxCHketDsYuvsB7wdfFAg0mLXGzRnLKHD8fHtxYVfozSx-4a-3DSgmEaMMCHpUchK7tyovHFXO19_hFbXecvZ9mFL5Kn6fzmgXQpA8MIPDxiT3e_xB88coqZlanwKRZ62Qc&amp;__tn__=*NK-R\">#XiomarasiCumple<\/a>.<\/p>\n","protected":false},"excerpt":{"rendered":"<p>Personal t\u00e9cnico de la Divisi\u00f3n de Desarrollo del SANAA Honduras \ud835\udc1d\ud835\udc1e \ud835\udc25\ud835\udc1a \ud835\udc11\ud835\udc1e\ud835\udc20\ud835\udc22\ud835\udc28\ud835\udc27\ud835\udc1a\ud835\udc25 \ud835\udc0d\ud835\udc28\ud835\udc2b\ud835\udc2d\ud835\udc1e, se hizo presente en la comunidad de Las Delicias, municipio de Puerto Cort\u00e9s, departamento de Cortes, con el objetivo de realizar una visita t\u00e9cnica para evaluar el proyecto de agua existente y brindar una nueva alternativa de abastecimiento para una poblaci\u00f3n [&hellip;]<\/p>\n","protected":false},"author":1,"featured_media":0,"comment_status":"open","ping_status":"open","sticky":false,"template":"","format":"standard","meta":{"_eb_attr":"","footnotes":""},"categories":[1],"tags":[],"class_list":["post-5725","post","type-post","status-publish","format-standard","hentry","category-memoria"],"_links":{"self":[{"href":"https:\/\/sanaa.hn\/index.php\/wp-json\/wp\/v2\/posts\/5725","targetHints":{"allow":["GET"]}}],"collection":[{"href":"https:\/\/sanaa.hn\/index.php\/wp-json\/wp\/v2\/posts"}],"about":[{"href":"https:\/\/sanaa.hn\/index.php\/wp-json\/wp\/v2\/types\/post"}],"author":[{"embeddable":true,"href":"https:\/\/sanaa.hn\/index.php\/wp-json\/wp\/v2\/users\/1"}],"replies":[{"embeddable":true,"href":"https:\/\/sanaa.hn\/index.php\/wp-json\/wp\/v2\/comments?post=5725"}],"version-history":[{"count":1,"href":"https:\/\/sanaa.hn\/index.php\/wp-json\/wp\/v2\/posts\/5725\/revisions"}],"predecessor-version":[{"id":5727,"href":"https:\/\/sanaa.hn\/index.php\/wp-json\/wp\/v2\/posts\/5725\/revisions\/5727"}],"wp:attachment":[{"href":"https:\/\/sanaa.hn\/index.php\/wp-json\/wp\/v2\/media?parent=5725"}],"wp:term":[{"taxonomy":"category","embeddable":true,"href":"https:\/\/sanaa.hn\/index.php\/wp-json\/wp\/v2\/categories?post=5725"},{"taxonomy":"post_tag","embeddable":true,"href":"https:\/\/sanaa.hn\/index.php\/wp-json\/wp\/v2\/tags?post=5725"}],"curies":[{"name":"wp","href":"https:\/\/api.w.org\/{rel}","templated":true}]}}