{"id":5688,"date":"2024-08-22T02:57:38","date_gmt":"2024-08-22T02:57:38","guid":{"rendered":"http:\/\/sanaa.hn\/?p=5688"},"modified":"2024-08-22T02:57:41","modified_gmt":"2024-08-22T02:57:41","slug":"sanaa-convoca-a-juntas-de-agua-en-francisco-morazan","status":"publish","type":"post","link":"https:\/\/sanaa.hn\/index.php\/sanaa-convoca-a-juntas-de-agua-en-francisco-morazan\/","title":{"rendered":"SANAA CONVOCA A JUNTAS DE AGUA EN FRANCISCO MORAZAN ."},"content":{"rendered":"\n<figure class=\"wp-block-image size-full\"><img fetchpriority=\"high\" decoding=\"async\" width=\"921\" height=\"863\" src=\"https:\/\/sanaa.hn\/wp-content\/uploads\/2024\/08\/imagen_2024-08-22_085521470.png\" alt=\"\" class=\"wp-image-5689\"\/><\/figure>\n\n\n\n<p>El equipo de Promoci\u00f3n Social coordinado por el jefe de \ud835\udc01\ud835\udc1a\ud835\udc2b\ud835\udc2b\ud835\udc22\ud835\udc28\ud835\udc2c \ud835\udc1e\ud835\udc27 \ud835\udc03\ud835\udc1e\ud835\udc2c\ud835\udc1a\ud835\udc2b\ud835\udc2b\ud835\udc28\ud835\udc25\ud835\udc25\ud835\udc28, Arnoldo Mej\u00eda y Rosibel Mac\u00edas, atendieron junta de agua de la comunidad de El Suyatal, municipio de Cedros , Francisco Moraz\u00e1n, con el prop\u00f3sito de entregar convocatorias domiciliarias para beneficiar a m\u00e1s de 7000 habitantes de los \ud835\udc1b\ud835\udc1a\ud835\udc2b\ud835\udc2b\ud835\udc22\ud835\udc28\ud835\udc2c \ud835\udc01\ud835\udc1e\ud835\udc25\ud835\udc25\ud835\udc1a\ud835\udc2f\ud835\udc22\ud835\udc2c\ud835\udc2d\ud835\udc1a, \ud835\udc12\ud835\udc1a\ud835\udc27 \ud835\udc11\ud835\udc1a\ud835\udc1f\ud835\udc1a\ud835\udc1e\ud835\udc25, \ud835\udc01\ud835\udc1a\ud835\udc2b\ud835\udc2b\ud835\udc22\ud835\udc28 \ud835\udc00\ud835\udc1b\ud835\udc1a\ud835\udc23\ud835\udc28, \ud835\udc01\ud835\udc1a\ud835\udc2b\ud835\udc2b\ud835\udc22\ud835\udc28 \ud835\udc00\ud835\udc2b\ud835\udc2b\ud835\udc22\ud835\udc1b\ud835\udc1a, \ud835\udc0b\ud835\udc28\ud835\udc2c \ud835\udc08\ud835\udc27\ud835\udc20\ud835\udc1e\ud835\udc27\ud835\udc22\ud835\udc28\ud835\udc2c \ud835\udc32 \ud835\udc0d\ud835\udc2e\ud835\udc1e\ud835\udc2f\ud835\udc28\ud835\udc2c \ud835\udc07\ud835\udc28\ud835\udc2b\ud835\udc22\ud835\udc33\ud835\udc28\ud835\udc27\ud835\udc2d\ud835\udc1e\ud835\udc2c, para organizar la asamblea donde se eligi\u00f3 la nueva junta administradora de agua y pos<a href=\"https:\/\/www.facebook.com\/hashtag\/xiomaracumple?__eep__=6&amp;__cft__%5b0%5d=AZXjr8xkqBezDbtQXduoFqkRWUkzkGxKla3kzR-KyNQyGQsrlLp9MaCGY1eA2_xI_szEZrFVxxh_kSDq79fd2_D8X83rKHqaf9effowEqbarogR2xKCO41eNDf1XZfVBVRajzRMHULpCO8sa4kqDXT2J_CxNkNJWO6bIe3mZacEOeEW62Zxc76zqqTMoVGTapiyKGdkLT1eNRWYAO0zH7Hw9&amp;__tn__=*NK-R\">teriormente se<\/a> les estar\u00e1 tramitando la personer\u00eda jur\u00eddica y asistencia t\u00e9cnica. #XiomarasiCumple.<\/p>\n","protected":false},"excerpt":{"rendered":"<p>El equipo de Promoci\u00f3n Social coordinado por el jefe de \ud835\udc01\ud835\udc1a\ud835\udc2b\ud835\udc2b\ud835\udc22\ud835\udc28\ud835\udc2c \ud835\udc1e\ud835\udc27 \ud835\udc03\ud835\udc1e\ud835\udc2c\ud835\udc1a\ud835\udc2b\ud835\udc2b\ud835\udc28\ud835\udc25\ud835\udc25\ud835\udc28, Arnoldo Mej\u00eda y Rosibel Mac\u00edas, atendieron junta de agua de la comunidad de El Suyatal, municipio de Cedros , Francisco Moraz\u00e1n, con el prop\u00f3sito de entregar convocatorias domiciliarias para beneficiar a m\u00e1s de 7000 habitantes de los \ud835\udc1b\ud835\udc1a\ud835\udc2b\ud835\udc2b\ud835\udc22\ud835\udc28\ud835\udc2c \ud835\udc01\ud835\udc1e\ud835\udc25\ud835\udc25\ud835\udc1a\ud835\udc2f\ud835\udc22\ud835\udc2c\ud835\udc2d\ud835\udc1a, \ud835\udc12\ud835\udc1a\ud835\udc27 \ud835\udc11\ud835\udc1a\ud835\udc1f\ud835\udc1a\ud835\udc1e\ud835\udc25, \ud835\udc01\ud835\udc1a\ud835\udc2b\ud835\udc2b\ud835\udc22\ud835\udc28 [&hellip;]<\/p>\n","protected":false},"author":1,"featured_media":0,"comment_status":"open","ping_status":"open","sticky":false,"template":"","format":"standard","meta":{"_eb_attr":"","footnotes":""},"categories":[1],"tags":[],"class_list":["post-5688","post","type-post","status-publish","format-standard","hentry","category-memoria"],"_links":{"self":[{"href":"https:\/\/sanaa.hn\/index.php\/wp-json\/wp\/v2\/posts\/5688","targetHints":{"allow":["GET"]}}],"collection":[{"href":"https:\/\/sanaa.hn\/index.php\/wp-json\/wp\/v2\/posts"}],"about":[{"href":"https:\/\/sanaa.hn\/index.php\/wp-json\/wp\/v2\/types\/post"}],"author":[{"embeddable":true,"href":"https:\/\/sanaa.hn\/index.php\/wp-json\/wp\/v2\/users\/1"}],"replies":[{"embeddable":true,"href":"https:\/\/sanaa.hn\/index.php\/wp-json\/wp\/v2\/comments?post=5688"}],"version-history":[{"count":1,"href":"https:\/\/sanaa.hn\/index.php\/wp-json\/wp\/v2\/posts\/5688\/revisions"}],"predecessor-version":[{"id":5690,"href":"https:\/\/sanaa.hn\/index.php\/wp-json\/wp\/v2\/posts\/5688\/revisions\/5690"}],"wp:attachment":[{"href":"https:\/\/sanaa.hn\/index.php\/wp-json\/wp\/v2\/media?parent=5688"}],"wp:term":[{"taxonomy":"category","embeddable":true,"href":"https:\/\/sanaa.hn\/index.php\/wp-json\/wp\/v2\/categories?post=5688"},{"taxonomy":"post_tag","embeddable":true,"href":"https:\/\/sanaa.hn\/index.php\/wp-json\/wp\/v2\/tags?post=5688"}],"curies":[{"name":"wp","href":"https:\/\/api.w.org\/{rel}","templated":true}]}}